{"id":333,"date":"2021-05-19T06:41:51","date_gmt":"2021-05-19T06:41:51","guid":{"rendered":"http:\/\/redprion.unizar.es\/?p=333"},"modified":"2021-05-19T06:41:52","modified_gmt":"2021-05-19T06:41:52","slug":"cours-de-specialisation-en-pathologie-ovine-et-caprine","status":"publish","type":"post","link":"http:\/\/redprion.unizar.es\/?p=333&lang=fr","title":{"rendered":"COURS DE SP\u00c9CIALISATION EN PATHOLOGIE OVINE ET CAPRINE"},"content":{"rendered":"\n<p>Saragosse, du 24 au 28 juin 2019.<\/p>\n\n\n\n<p>Organis\u00e9 par: Prof. Juan Jos\u00e9 Badiola D\u00edez.<\/p>\n\n\n\n<p>Centre des Enc\u00e9phalopathies et des Maladies Transmissibles \u00c9mergentes. Facult\u00e9 de M\u00e9decine V\u00e9t\u00e9rinaire. Universit\u00e9 de Saragosse<\/p>\n\n\n\n<p>C\/ Miguel Servet, 177. 50013 Zaragoza.<\/p>\n\n\n\n<p>En colaboraci\u00f3n con la Fundaci\u00f3n Casa de Ganaderos.<\/p>\n\n\n\n<p>Dur\u00e9e: 50 heures d&#8217;enseignement<\/p>\n\n\n\n<p>Nombre de places: 35<\/p>\n\n\n\n<p>Date limite d&#8217;inscription : jusqu&#8217;au 21 juin 2019.<\/p>\n\n\n\n<p>Programme du cours: Ce cours th\u00e9orique-pratique traitera des principales maladies affectant les ovins et les caprins. Les pr\u00e9sentations seront assur\u00e9es par des sp\u00e9cialistes renomm\u00e9s de chacun des th\u00e8mes du programme, issus des facult\u00e9s et centres de recherche v\u00e9t\u00e9rinaires, des coop\u00e9ratives, des entreprises et de l&#8217;activit\u00e9 clinique pratique.<\/p>\n\n\n\n<p>L&#8217;inscription au cours est financ\u00e9e \u00e0 100% par le projet EFA148\/16 REDPRION, cofinanc\u00e9 \u00e0 65% par le Fonds Europ\u00e9en de D\u00e9veloppement R\u00e9gional (FEDER) \u00e0 travers le Programme Interreg V-A Espagne-France-Andorre (POCTEFA 2014-2020). L&#8217;objectif de POCTEFA est de renforcer l&#8217;int\u00e9gration \u00e9conomique et sociale de la zone frontali\u00e8re Espagne-France-Andorre. Son aide est ax\u00e9e sur le d\u00e9veloppement d&#8217;activit\u00e9s \u00e9conomiques, sociales et environnementales transfrontali\u00e8res par le biais de strat\u00e9gies conjointes de d\u00e9veloppement territorial durable.<\/p>\n\n\n\n<p>Information et enregistrement: \u00c1frica Arbizu E-mail: arbizuz@unizar.es Tel.: 876 55 41 62 y 976 76 25 34 Fax: 976 76 25 08<\/p>\n","protected":false},"excerpt":{"rendered":"<p>Saragosse, du 24 au 28 juin 2019. Organis\u00e9 par: Prof. Juan Jos\u00e9 Badiola D\u00edez. Centre des Enc\u00e9phalopathies et des Maladies<\/p>\n","protected":false},"author":1,"featured_media":0,"comment_status":"open","ping_status":"open","sticky":false,"template":"","format":"standard","meta":[],"categories":[1],"tags":[],"_links":{"self":[{"href":"http:\/\/redprion.unizar.es\/index.php?rest_route=\/wp\/v2\/posts\/333"}],"collection":[{"href":"http:\/\/redprion.unizar.es\/index.php?rest_route=\/wp\/v2\/posts"}],"about":[{"href":"http:\/\/redprion.unizar.es\/index.php?rest_route=\/wp\/v2\/types\/post"}],"author":[{"embeddable":true,"href":"http:\/\/redprion.unizar.es\/index.php?rest_route=\/wp\/v2\/users\/1"}],"replies":[{"embeddable":true,"href":"http:\/\/redprion.unizar.es\/index.php?rest_route=%2Fwp%2Fv2%2Fcomments&post=333"}],"version-history":[{"count":1,"href":"http:\/\/redprion.unizar.es\/index.php?rest_route=\/wp\/v2\/posts\/333\/revisions"}],"predecessor-version":[{"id":334,"href":"http:\/\/redprion.unizar.es\/index.php?rest_route=\/wp\/v2\/posts\/333\/revisions\/334"}],"wp:attachment":[{"href":"http:\/\/redprion.unizar.es\/index.php?rest_route=%2Fwp%2Fv2%2Fmedia&parent=333"}],"wp:term":[{"taxonomy":"category","embeddable":true,"href":"http:\/\/redprion.unizar.es\/index.php?rest_route=%2Fwp%2Fv2%2Fcategories&post=333"},{"taxonomy":"post_tag","embeddable":true,"href":"http:\/\/redprion.unizar.es\/index.php?rest_route=%2Fwp%2Fv2%2Ftags&post=333"}],"curies":[{"name":"wp","href":"https:\/\/api.w.org\/{rel}","templated":true}]}}