{"id":344,"date":"2021-05-19T06:55:28","date_gmt":"2021-05-19T06:55:28","guid":{"rendered":"http:\/\/redprion.unizar.es\/?p=344"},"modified":"2021-05-19T06:55:29","modified_gmt":"2021-05-19T06:55:29","slug":"publication-des-resultats-de-letude-sur-limpact-social-des-encephalopathies-spongiformes-transmisibles","status":"publish","type":"post","link":"http:\/\/redprion.unizar.es\/?p=344&lang=fr","title":{"rendered":"Publication des r\u00e9sultats de l&#8217;\u00e9tude sur l&#8217;impact social des Enc\u00e9phalopathies spongiformes transmisibles"},"content":{"rendered":"\n<p class=\"has-text-align-center\"><img loading=\"lazy\" width=\"861\" height=\"510\" class=\"wp-image-345\" style=\"width: 750px;\" src=\"http:\/\/redprion.unizar.es\/wp-content\/uploads\/2021\/05\/Captura2-1.jpg\" alt=\"\" srcset=\"http:\/\/redprion.unizar.es\/wp-content\/uploads\/2021\/05\/Captura2-1.jpg 861w, http:\/\/redprion.unizar.es\/wp-content\/uploads\/2021\/05\/Captura2-1-300x178.jpg 300w, http:\/\/redprion.unizar.es\/wp-content\/uploads\/2021\/05\/Captura2-1-768x455.jpg 768w\" sizes=\"(max-width: 861px) 100vw, 861px\" \/><\/p>\n\n\n\n<p>Une \u00e9tude int\u00e9ressante \u00e0 laquelle ont collabor\u00e9 les membres de l&#8217;Association espagnole de la CJD (AECJD) a r\u00e9cemment \u00e9t\u00e9 publi\u00e9e dans le Journal of Neurology, qui diffuse les connaissances g\u00e9n\u00e9r\u00e9es en langue espagnole sur les neurosciences. L&#8217;article, intitul\u00e9 \u00abAnalyse qualitative de l&#8217;impact social et familial des enc\u00e9phalopathies spongiformes transmissibles humaines\u00bb, rassemble les r\u00e9sultats d&#8217;une \u00e9tude sociologique qui vise \u00e0 d\u00e9crire la r\u00e9alit\u00e9 sociale, personnelle et familiale des personnes touch\u00e9es. Pour ce faire, les chercheurs, dirig\u00e9s par Juan R. Coca de l&#8217;Universit\u00e9 de Valladolid, ont utilis\u00e9 les r\u00e9ponses fournies par 47 volontaires de l&#8217;AECJD qui ont particip\u00e9 \u00e0 la recherche. L&#8217;entretien \u00e9crit, centr\u00e9 sur la perception de la maladie, le temps \u00e9coul\u00e9 jusqu&#8217;au diagnostic, les incertitudes et les besoins, a permis d&#8217;approcher la r\u00e9alit\u00e9 sociale des personnes et des familles touch\u00e9es. Cette \u00e9tude rejoint d&#8217;autres projets coordonn\u00e9s par le chercheur de l&#8217;Universit\u00e9 de Valladolid, dont les travaux dans le domaine des sciences sociales sont ax\u00e9s sur la compr\u00e9hension de la r\u00e9alit\u00e9 sociale entourant les personnes atteintes de Maladies Rares ou moins r\u00e9pandues. La raret\u00e9 de ce type d&#8217;\u00e9tudes relatives aux maladies \u00e0 prions et \u00e0 de nombreuses autres maladies \u00e0 faible pr\u00e9valence refl\u00e8te clairement l&#8217;invisibilit\u00e9 sociale dont souffrent les personnes touch\u00e9es et leurs familles. C&#8217;est pourquoi il convient de souligner et de remercier le r\u00f4le des Associations de personnes touch\u00e9es, qui, en collaboration avec des chercheurs de diverses disciplines, peuvent \u00e9galement agir comme un haut-parleur pour leurs besoins socio-sanitaires et psychologiques, comme cela a \u00e9t\u00e9 d\u00e9montr\u00e9 \u00e0 cette occasion.<\/p>\n","protected":false},"excerpt":{"rendered":"<p>Une \u00e9tude int\u00e9ressante \u00e0 laquelle ont collabor\u00e9 les membres de l&#8217;Association espagnole de la CJD (AECJD) a r\u00e9cemment \u00e9t\u00e9 publi\u00e9e<\/p>\n","protected":false},"author":1,"featured_media":0,"comment_status":"open","ping_status":"open","sticky":false,"template":"","format":"standard","meta":[],"categories":[1],"tags":[],"_links":{"self":[{"href":"http:\/\/redprion.unizar.es\/index.php?rest_route=\/wp\/v2\/posts\/344"}],"collection":[{"href":"http:\/\/redprion.unizar.es\/index.php?rest_route=\/wp\/v2\/posts"}],"about":[{"href":"http:\/\/redprion.unizar.es\/index.php?rest_route=\/wp\/v2\/types\/post"}],"author":[{"embeddable":true,"href":"http:\/\/redprion.unizar.es\/index.php?rest_route=\/wp\/v2\/users\/1"}],"replies":[{"embeddable":true,"href":"http:\/\/redprion.unizar.es\/index.php?rest_route=%2Fwp%2Fv2%2Fcomments&post=344"}],"version-history":[{"count":1,"href":"http:\/\/redprion.unizar.es\/index.php?rest_route=\/wp\/v2\/posts\/344\/revisions"}],"predecessor-version":[{"id":346,"href":"http:\/\/redprion.unizar.es\/index.php?rest_route=\/wp\/v2\/posts\/344\/revisions\/346"}],"wp:attachment":[{"href":"http:\/\/redprion.unizar.es\/index.php?rest_route=%2Fwp%2Fv2%2Fmedia&parent=344"}],"wp:term":[{"taxonomy":"category","embeddable":true,"href":"http:\/\/redprion.unizar.es\/index.php?rest_route=%2Fwp%2Fv2%2Fcategories&post=344"},{"taxonomy":"post_tag","embeddable":true,"href":"http:\/\/redprion.unizar.es\/index.php?rest_route=%2Fwp%2Fv2%2Ftags&post=344"}],"curies":[{"name":"wp","href":"https:\/\/api.w.org\/{rel}","templated":true}]}}